{"id":1336,"date":"2025-09-23T16:47:26","date_gmt":"2025-09-23T16:47:26","guid":{"rendered":"https:\/\/see-services.net\/?p=1336"},"modified":"2025-09-23T16:47:28","modified_gmt":"2025-09-23T16:47:28","slug":"see-services-partenaire-de-la-5e-edition-de-linternational-health-summit","status":"publish","type":"post","link":"https:\/\/see-services.net\/en\/see-services-partenaire-de-la-5e-edition-de-linternational-health-summit\/","title":{"rendered":"SEE Services partenaire de la 5e \u00e9dition de l&rsquo;International Health Summit"},"content":{"rendered":"<figure class=\"wp-block-image size-large\"><img fetchpriority=\"high\" decoding=\"async\" width=\"1024\" height=\"768\" src=\"https:\/\/see-services.net\/wp-content\/uploads\/2025\/09\/IMG-20250706-WA0079-1024x768.jpg\" alt=\"\" class=\"wp-image-1341\" srcset=\"https:\/\/see-services.net\/wp-content\/uploads\/2025\/09\/IMG-20250706-WA0079-1024x768.jpg 1024w, https:\/\/see-services.net\/wp-content\/uploads\/2025\/09\/IMG-20250706-WA0079-300x225.jpg 300w, https:\/\/see-services.net\/wp-content\/uploads\/2025\/09\/IMG-20250706-WA0079-768x576.jpg 768w, https:\/\/see-services.net\/wp-content\/uploads\/2025\/09\/IMG-20250706-WA0079-1536x1152.jpg 1536w, https:\/\/see-services.net\/wp-content\/uploads\/2025\/09\/IMG-20250706-WA0079-16x12.jpg 16w, https:\/\/see-services.net\/wp-content\/uploads\/2025\/09\/IMG-20250706-WA0079.jpg 2000w\" sizes=\"(max-width: 1024px) 100vw, 1024px\" \/><\/figure>\n\n\n\n<p>SEE Services est partenaire de la 5e \u00e9dition de l&rsquo;International Health Summit qui a eu lieu les 4 &amp; 5 juillet 2025 \u00e0 Rabat sous l&rsquo;\u00e9gide du <a href=\"https:\/\/www.linkedin.com\/company\/msps_gov_ma\/\">Minist\u00e8re de la Sant\u00e9 et de la Protection Sociale du Maroc<\/a> et sur le Th\u00e8me de L\u2019h\u00f4pital de demain. L&rsquo;ouverture de l&rsquo;\u00e9v\u00e9nement a \u00e9t\u00e9 l&rsquo;occasion d&rsquo;officialiser la signature de la convention de partenariat entre Avicenne Health Consulting (organisatrice de l&rsquo;\u00e9v\u00e9nement) et SEE Services.<br><\/p>\n\n\n\n<figure class=\"wp-block-image size-large\"><img decoding=\"async\" width=\"1024\" height=\"576\" src=\"https:\/\/see-services.net\/wp-content\/uploads\/2025\/09\/WhatsApp-Image-2025-09-23-a-18.43.00_a548b67f-1024x576.jpg\" alt=\"\" class=\"wp-image-1339\" srcset=\"https:\/\/see-services.net\/wp-content\/uploads\/2025\/09\/WhatsApp-Image-2025-09-23-a-18.43.00_a548b67f-1024x576.jpg 1024w, https:\/\/see-services.net\/wp-content\/uploads\/2025\/09\/WhatsApp-Image-2025-09-23-a-18.43.00_a548b67f-300x169.jpg 300w, https:\/\/see-services.net\/wp-content\/uploads\/2025\/09\/WhatsApp-Image-2025-09-23-a-18.43.00_a548b67f-768x432.jpg 768w, https:\/\/see-services.net\/wp-content\/uploads\/2025\/09\/WhatsApp-Image-2025-09-23-a-18.43.00_a548b67f-1536x864.jpg 1536w, https:\/\/see-services.net\/wp-content\/uploads\/2025\/09\/WhatsApp-Image-2025-09-23-a-18.43.00_a548b67f-18x10.jpg 18w, https:\/\/see-services.net\/wp-content\/uploads\/2025\/09\/WhatsApp-Image-2025-09-23-a-18.43.00_a548b67f.jpg 1920w\" sizes=\"(max-width: 1024px) 100vw, 1024px\" \/><\/figure>\n\n\n\n<p><br>Depuis sa fondation en 2019, ce colloque r\u00e9pond \u00e0 une id\u00e9e simple : briser les silos et r\u00e9unir tous les acteurs de la sant\u00e9 \u2013 du patient au d\u00e9cideur, de l\u2019architecte au m\u00e9decin, du manager au financeur \u2013 pour r\u00e9fl\u00e9chir ensemble \u00e0 l\u2019avenir de l\u2019h\u00f4pital.<\/p>\n\n\n\n<figure class=\"wp-block-image size-large\"><img decoding=\"async\" width=\"1024\" height=\"768\" src=\"https:\/\/see-services.net\/wp-content\/uploads\/2025\/09\/IMG-20250923-WA0004-1024x768.jpg\" alt=\"\" class=\"wp-image-1344\" srcset=\"https:\/\/see-services.net\/wp-content\/uploads\/2025\/09\/IMG-20250923-WA0004-1024x768.jpg 1024w, https:\/\/see-services.net\/wp-content\/uploads\/2025\/09\/IMG-20250923-WA0004-300x225.jpg 300w, https:\/\/see-services.net\/wp-content\/uploads\/2025\/09\/IMG-20250923-WA0004-768x576.jpg 768w, https:\/\/see-services.net\/wp-content\/uploads\/2025\/09\/IMG-20250923-WA0004-1536x1152.jpg 1536w, https:\/\/see-services.net\/wp-content\/uploads\/2025\/09\/IMG-20250923-WA0004-16x12.jpg 16w, https:\/\/see-services.net\/wp-content\/uploads\/2025\/09\/IMG-20250923-WA0004.jpg 2000w\" sizes=\"(max-width: 1024px) 100vw, 1024px\" \/><\/figure>\n\n\n\n<p><br><br>\ud83e\udde0 Cette 5e \u00e9dition a \u00e9t\u00e9 fid\u00e8le \u00e0 cette ambition avec une centaine d\u2019experts r\u00e9unis autour de panels de haut niveau sans oublier des ateliers interactifs.<br><br>\u2705 Des th\u00e9matiques cl\u00e9s : conception hospitali\u00e8re, gouvernance, coordination des parcours, politiques publiques, formation, num\u00e9rique, patient acteur\u2026<br><br>\u2705 Un dialogue sinc\u00e8re, ouvert, riche, entre des profils qui ne se croisent pas toujours mais partagent une m\u00eame passion : remettre l\u2019humain au centre des r\u00e9formes.<\/p>\n\n\n\n<figure class=\"wp-block-image size-large\"><img loading=\"lazy\" decoding=\"async\" width=\"1024\" height=\"768\" src=\"https:\/\/see-services.net\/wp-content\/uploads\/2025\/09\/IMG-20250706-WA0031-1024x768.jpg\" alt=\"\" class=\"wp-image-1340\" srcset=\"https:\/\/see-services.net\/wp-content\/uploads\/2025\/09\/IMG-20250706-WA0031-1024x768.jpg 1024w, https:\/\/see-services.net\/wp-content\/uploads\/2025\/09\/IMG-20250706-WA0031-300x225.jpg 300w, https:\/\/see-services.net\/wp-content\/uploads\/2025\/09\/IMG-20250706-WA0031-768x576.jpg 768w, https:\/\/see-services.net\/wp-content\/uploads\/2025\/09\/IMG-20250706-WA0031-1536x1152.jpg 1536w, https:\/\/see-services.net\/wp-content\/uploads\/2025\/09\/IMG-20250706-WA0031-16x12.jpg 16w, https:\/\/see-services.net\/wp-content\/uploads\/2025\/09\/IMG-20250706-WA0031.jpg 2000w\" sizes=\"(max-width: 1024px) 100vw, 1024px\" \/><\/figure>\n\n\n\n<p><br><br>\ud83c\udfe5 Avec en prime une visite du nouveau complexe hospitalo-universitaire de la <a href=\"https:\/\/www.linkedin.com\/company\/fm6ss\/\">Fondation Mohammed VI des Sciences et de la Sant\u00e9 <\/a>\u00e0 Rabat \u2013 prouesse architecturale, technologique, et surtout, une vraie fiert\u00e9 nationale.<br><br>\ud83d\udcc6 \u00c0 tr\u00e8s bient\u00f4t pour une 6e \u00e9dition\u2026 toujours au Maroc, et toujours pour faire avancer la sant\u00e9, ensemble.<br><\/p>\n\n\n\n<figure class=\"wp-block-gallery has-nested-images columns-default is-cropped wp-block-gallery-1 is-layout-flex wp-block-gallery-is-layout-flex\"><\/figure>\n\n\n\n<figure class=\"wp-block-gallery has-nested-images columns-default is-cropped wp-block-gallery-2 is-layout-flex wp-block-gallery-is-layout-flex\">\n<figure class=\"wp-block-image size-large\"><img loading=\"lazy\" decoding=\"async\" width=\"1008\" height=\"1024\" data-id=\"1342\" src=\"https:\/\/see-services.net\/wp-content\/uploads\/2025\/09\/IMG-20250706-WA0094-1008x1024.jpg\" alt=\"\" class=\"wp-image-1342\" srcset=\"https:\/\/see-services.net\/wp-content\/uploads\/2025\/09\/IMG-20250706-WA0094-1008x1024.jpg 1008w, https:\/\/see-services.net\/wp-content\/uploads\/2025\/09\/IMG-20250706-WA0094-295x300.jpg 295w, https:\/\/see-services.net\/wp-content\/uploads\/2025\/09\/IMG-20250706-WA0094-768x780.jpg 768w, https:\/\/see-services.net\/wp-content\/uploads\/2025\/09\/IMG-20250706-WA0094-12x12.jpg 12w, https:\/\/see-services.net\/wp-content\/uploads\/2025\/09\/IMG-20250706-WA0094.jpg 1260w\" sizes=\"(max-width: 1008px) 100vw, 1008px\" \/><\/figure>\n<\/figure>\n\n\n\n<p>Retrouvez le Best of sur Youtube : <a href=\"https:\/\/www.youtube.com\/watch?v=zLgcGFDYhcg\">Best of International Health Summit 2025 &#8211; YouTube<\/a><\/p>","protected":false},"excerpt":{"rendered":"<p>SEE Services est partenaire de la 5e \u00e9dition de l&rsquo;International Health Summit qui a eu lieu les 4 &amp; 5 juillet 2025 \u00e0 Rabat sous l&rsquo;\u00e9gide du Minist\u00e8re de la Sant\u00e9 et de la Protection Sociale du Maroc et sur le Th\u00e8me de L\u2019h\u00f4pital de demain. L&rsquo;ouverture de l&rsquo;\u00e9v\u00e9nement a \u00e9t\u00e9 l&rsquo;occasion d&rsquo;officialiser la signature&hellip;&nbsp;<a href=\"https:\/\/see-services.net\/en\/see-services-partenaire-de-la-5e-edition-de-linternational-health-summit\/\" rel=\"bookmark\">Read More &raquo;<span class=\"screen-reader-text\">SEE Services partenaire de la 5e \u00e9dition de l&rsquo;International Health Summit<\/span><\/a><\/p>","protected":false},"author":2,"featured_media":1337,"comment_status":"open","ping_status":"open","sticky":false,"template":"","format":"standard","meta":{"neve_meta_sidebar":"","neve_meta_container":"","neve_meta_enable_content_width":"","neve_meta_content_width":0,"neve_meta_title_alignment":"","neve_meta_author_avatar":"","neve_post_elements_order":"","neve_meta_disable_header":"","neve_meta_disable_footer":"","neve_meta_disable_title":"","_themeisle_gutenberg_block_has_review":false,"_jetpack_memberships_contains_paid_content":false,"footnotes":""},"categories":[1],"tags":[],"class_list":["post-1336","post","type-post","status-publish","format-standard","has-post-thumbnail","hentry","category-communique"],"jetpack_featured_media_url":"https:\/\/see-services.net\/wp-content\/uploads\/2025\/09\/Capture-decran-2025-09-23-181954.png","jetpack_sharing_enabled":true,"_links":{"self":[{"href":"https:\/\/see-services.net\/en\/wp-json\/wp\/v2\/posts\/1336","targetHints":{"allow":["GET"]}}],"collection":[{"href":"https:\/\/see-services.net\/en\/wp-json\/wp\/v2\/posts"}],"about":[{"href":"https:\/\/see-services.net\/en\/wp-json\/wp\/v2\/types\/post"}],"author":[{"embeddable":true,"href":"https:\/\/see-services.net\/en\/wp-json\/wp\/v2\/users\/2"}],"replies":[{"embeddable":true,"href":"https:\/\/see-services.net\/en\/wp-json\/wp\/v2\/comments?post=1336"}],"version-history":[{"count":1,"href":"https:\/\/see-services.net\/en\/wp-json\/wp\/v2\/posts\/1336\/revisions"}],"predecessor-version":[{"id":1345,"href":"https:\/\/see-services.net\/en\/wp-json\/wp\/v2\/posts\/1336\/revisions\/1345"}],"wp:featuredmedia":[{"embeddable":true,"href":"https:\/\/see-services.net\/en\/wp-json\/wp\/v2\/media\/1337"}],"wp:attachment":[{"href":"https:\/\/see-services.net\/en\/wp-json\/wp\/v2\/media?parent=1336"}],"wp:term":[{"taxonomy":"category","embeddable":true,"href":"https:\/\/see-services.net\/en\/wp-json\/wp\/v2\/categories?post=1336"},{"taxonomy":"post_tag","embeddable":true,"href":"https:\/\/see-services.net\/en\/wp-json\/wp\/v2\/tags?post=1336"}],"curies":[{"name":"wp","href":"https:\/\/api.w.org\/{rel}","templated":true}]}}