{"id":1310,"date":"2025-05-27T11:47:41","date_gmt":"2025-05-27T11:47:41","guid":{"rendered":"https:\/\/see-services.net\/?p=1310"},"modified":"2025-05-27T11:47:42","modified_gmt":"2025-05-27T11:47:42","slug":"assemblee-generale-du-cpccaf-les-19-et-20-juin","status":"publish","type":"post","link":"https:\/\/see-services.net\/en\/assemblee-generale-du-cpccaf-les-19-et-20-juin\/","title":{"rendered":"Assembl\u00e9e G\u00e9n\u00e9rale du CPCCAF les 19 et 20 Juin"},"content":{"rendered":"<p>\ud83d\udcc5 Inscrivez vous au Forum \u00e9conomique de F\u00e8s Mekn\u00e8s et de l&rsquo;Assembl\u00e9e g\u00e9n\u00e9rale de la conf\u00e9rence permanente des chambres consulaires et organisations interm\u00e9diaires africaines et francophones (CPCCAF) les 19 et 20 juin 2025 \u00e0 F\u00e8s (Maroc).<\/p>\n\n\n\n<p>\ud83d\udc49 Dossier d&rsquo;inscription : <a href=\"https:\/\/forms.office.com\/pages\/responsepage.aspx?id=-dLyB8mx6EewDKWQPMYedDDnflrvuhlGnTIW1IwEyLNUMVI0S1A4VDk4OTVaT1BPUjVNOFRISENKQS4u&amp;route=shorturl\">Assembl\u00e9e g\u00e9n\u00e9rale &amp; Forum \u00e9conomique F\u00e8s (Maroc) 19-20 juin<\/a><\/p>\n\n\n\n<p><br>Cet \u00e9v\u00e9nement rassemblera des experts et PME africaines et europ\u00e9ennes et du pourtour m\u00e9diterran\u00e9en. Elles auront l\u2019occasion de partager des id\u00e9es \u00e0 travers des conf\u00e9rences et ateliers, et d\u2019explorer les opportunit\u00e9s d\u2019affaires lors de rendez-vous en face \u00e0 face et de visites de terrain.<\/p>\n\n\n\n<p><br>\ud83c\udf10Cet \u00e9v\u00e9nement rassembla des repr\u00e9sentants \u00e9conomiques de 24 pays (dont 20 d\u2019Afrique) ainsi que des partenaires techniques et financiers de l\u2019aide au d\u00e9veloppement. Tous partagent un objectif commun : renforcer les secteurs priv\u00e9s et promouvoir les \u00e9changes entre leurs pays respectifs.<\/p>","protected":false},"excerpt":{"rendered":"<p>\ud83d\udcc5 Inscrivez vous au Forum \u00e9conomique de F\u00e8s Mekn\u00e8s et de l&rsquo;Assembl\u00e9e g\u00e9n\u00e9rale de la conf\u00e9rence permanente des chambres consulaires et organisations interm\u00e9diaires africaines et francophones (CPCCAF) les 19 et 20 juin 2025 \u00e0 F\u00e8s (Maroc). \ud83d\udc49 Dossier d&rsquo;inscription : Assembl\u00e9e g\u00e9n\u00e9rale &amp; Forum \u00e9conomique F\u00e8s (Maroc) 19-20 juin Cet \u00e9v\u00e9nement rassemblera des experts et&hellip;&nbsp;<a href=\"https:\/\/see-services.net\/en\/assemblee-generale-du-cpccaf-les-19-et-20-juin\/\" rel=\"bookmark\">Read More &raquo;<span class=\"screen-reader-text\">Assembl\u00e9e G\u00e9n\u00e9rale du CPCCAF les 19 et 20 Juin<\/span><\/a><\/p>","protected":false},"author":2,"featured_media":1312,"comment_status":"open","ping_status":"open","sticky":false,"template":"","format":"standard","meta":{"neve_meta_sidebar":"","neve_meta_container":"","neve_meta_enable_content_width":"","neve_meta_content_width":0,"neve_meta_title_alignment":"","neve_meta_author_avatar":"","neve_post_elements_order":"","neve_meta_disable_header":"","neve_meta_disable_footer":"","neve_meta_disable_title":"","_themeisle_gutenberg_block_has_review":false,"_jetpack_memberships_contains_paid_content":false,"footnotes":""},"categories":[1],"tags":[],"class_list":["post-1310","post","type-post","status-publish","format-standard","has-post-thumbnail","hentry","category-communique"],"jetpack_featured_media_url":"https:\/\/see-services.net\/wp-content\/uploads\/2025\/05\/AKA-EDUCAFOOT.png","jetpack_sharing_enabled":true,"_links":{"self":[{"href":"https:\/\/see-services.net\/en\/wp-json\/wp\/v2\/posts\/1310","targetHints":{"allow":["GET"]}}],"collection":[{"href":"https:\/\/see-services.net\/en\/wp-json\/wp\/v2\/posts"}],"about":[{"href":"https:\/\/see-services.net\/en\/wp-json\/wp\/v2\/types\/post"}],"author":[{"embeddable":true,"href":"https:\/\/see-services.net\/en\/wp-json\/wp\/v2\/users\/2"}],"replies":[{"embeddable":true,"href":"https:\/\/see-services.net\/en\/wp-json\/wp\/v2\/comments?post=1310"}],"version-history":[{"count":2,"href":"https:\/\/see-services.net\/en\/wp-json\/wp\/v2\/posts\/1310\/revisions"}],"predecessor-version":[{"id":1315,"href":"https:\/\/see-services.net\/en\/wp-json\/wp\/v2\/posts\/1310\/revisions\/1315"}],"wp:featuredmedia":[{"embeddable":true,"href":"https:\/\/see-services.net\/en\/wp-json\/wp\/v2\/media\/1312"}],"wp:attachment":[{"href":"https:\/\/see-services.net\/en\/wp-json\/wp\/v2\/media?parent=1310"}],"wp:term":[{"taxonomy":"category","embeddable":true,"href":"https:\/\/see-services.net\/en\/wp-json\/wp\/v2\/categories?post=1310"},{"taxonomy":"post_tag","embeddable":true,"href":"https:\/\/see-services.net\/en\/wp-json\/wp\/v2\/tags?post=1310"}],"curies":[{"name":"wp","href":"https:\/\/api.w.org\/{rel}","templated":true}]}}